{"id":178,"date":"2023-08-08T13:04:27","date_gmt":"2023-08-08T13:04:27","guid":{"rendered":"https:\/\/aha-musik.de\/?p=178"},"modified":"2023-08-22T12:42:53","modified_gmt":"2023-08-22T12:42:53","slug":"orgeltag-2023-vorschau","status":"publish","type":"post","link":"https:\/\/aha-musik.de\/index.php\/2023\/08\/08\/orgeltag-2023-vorschau\/","title":{"rendered":"Orgeltag 2023 &#8211; Vorschau"},"content":{"rendered":"\n<p>Der diesj\u00e4hrige 13. Deutsche Orgeltag, der parallel zum Tag des offenen Denkmals am zweiten Sonntag im September stattfindet, wirft seine Schatten voraus.<\/p>\n\n\n\n<p>Und in sch\u00f6ner Tradition gebe ich in \u201emeinen\u201c Kirchen wieder zwei Konzerte.<\/p>\n\n\n\n<p>Am Samstag, den 9. September 2023, also am Vorabend des Orgeltags, spiele ich um 18 Uhr in der evangelischen Kirche in 35510 Butzbach-Griedel (Rockenberger Stra\u00dfe) Musik von Komponistinnen und Komponisten des 19. und 20. Jahrhunderts. Unter anderem erklingen Werke von Theophania Cecil, Elfrida Andr\u00e9e, Hedwige Chr\u00e9tien und Elizabeth Stirling auf der Bernhard-Orgel von 1911.<\/p>\n\n\n\n<p>Die Kirche ist von der Rockenberger Stra\u00dfe aus \u00fcber eine Treppe zu erreichen. Stufenlos (\u00fcber Kopfsteinpflaster) geht es von der Kleinen Kirchgasse aus &#8211; im Uhrzeigersinn um die Kirche herum. Am Vordereingang der Kirche befindet sich eine Stufe und es gibt eine mobile Rampe daf\u00fcr.<\/p>\n\n\n\n<p>Am Sonntag, den 10. September 2023, gibt es um 15 Uhr in der evangelischen Gustav-Adolf-Kirche in 35519 Rockenberg (Schlo\u00dfstra\u00dfe) ein <strong>Kuschelkissenkonzert<\/strong>. Das ist ein ca. halbst\u00fcndiges Konzert f\u00fcr Kinder (und Erwachsene) und das Mitbringen von Stofftieren, Kissen und Decken ist erlaubt und erw\u00fcnscht. Ich spiele dort u.a. Werke von Emma Louise Ashford und Carlotta Ferrari. Mein B\u00e4r ist ebenfalls dabei, wenn ich die Keller-Orgel von 1858 vorstelle.<\/p>\n\n\n\n<p>Die Gustav-Adolf-Kirche ist stufenlos zug\u00e4nglich.<\/p>\n\n\n\n<p>Mehr Konzerttermine am Orgeltag finden sich auf der offiziellen <a href=\"https:\/\/www.orgeltag.de\/veranstaltungen.html\" target=\"_blank\" rel=\"noreferrer noopener\">Orgeltags-Website<\/a>.<\/p>\n\n\n\n<p>Vielleicht sehen wir uns ja hier in der Wetterau? <\/p>\n","protected":false},"excerpt":{"rendered":"<p>Der diesj\u00e4hrige 13. Deutsche Orgeltag, der parallel zum Tag des offenen Denkmals am zweiten Sonntag im September stattfindet, wirft seine Schatten voraus. Und in sch\u00f6ner Tradition gebe ich in \u201emeinen\u201c Kirchen wieder zwei Konzerte. Am Samstag, den 9. September 2023, also am Vorabend des Orgeltags, spiele ich um 18 Uhr in der evangelischen Kirche in [&hellip;]<\/p>\n","protected":false},"author":1,"featured_media":0,"comment_status":"closed","ping_status":"closed","sticky":false,"template":"","format":"standard","meta":{"footnotes":""},"categories":[1,9],"tags":[40,42,41,39],"class_list":["post-178","post","type-post","status-publish","format-standard","hentry","category-allgemeines","category-orgelmusik","tag-konzert","tag-kuschelkissenkonzert","tag-orgeltag","tag-termine"],"_links":{"self":[{"href":"https:\/\/aha-musik.de\/index.php\/wp-json\/wp\/v2\/posts\/178","targetHints":{"allow":["GET"]}}],"collection":[{"href":"https:\/\/aha-musik.de\/index.php\/wp-json\/wp\/v2\/posts"}],"about":[{"href":"https:\/\/aha-musik.de\/index.php\/wp-json\/wp\/v2\/types\/post"}],"author":[{"embeddable":true,"href":"https:\/\/aha-musik.de\/index.php\/wp-json\/wp\/v2\/users\/1"}],"replies":[{"embeddable":true,"href":"https:\/\/aha-musik.de\/index.php\/wp-json\/wp\/v2\/comments?post=178"}],"version-history":[{"count":4,"href":"https:\/\/aha-musik.de\/index.php\/wp-json\/wp\/v2\/posts\/178\/revisions"}],"predecessor-version":[{"id":183,"href":"https:\/\/aha-musik.de\/index.php\/wp-json\/wp\/v2\/posts\/178\/revisions\/183"}],"wp:attachment":[{"href":"https:\/\/aha-musik.de\/index.php\/wp-json\/wp\/v2\/media?parent=178"}],"wp:term":[{"taxonomy":"category","embeddable":true,"href":"https:\/\/aha-musik.de\/index.php\/wp-json\/wp\/v2\/categories?post=178"},{"taxonomy":"post_tag","embeddable":true,"href":"https:\/\/aha-musik.de\/index.php\/wp-json\/wp\/v2\/tags?post=178"}],"curies":[{"name":"wp","href":"https:\/\/api.w.org\/{rel}","templated":true}]}}