{"id":290,"date":"2024-09-06T11:58:35","date_gmt":"2024-09-06T11:58:35","guid":{"rendered":"https:\/\/aha-musik.de\/?p=290"},"modified":"2024-09-06T11:58:35","modified_gmt":"2024-09-06T11:58:35","slug":"composer-in-residence-im-archiv-frau-musik","status":"publish","type":"post","link":"https:\/\/aha-musik.de\/index.php\/2024\/09\/06\/composer-in-residence-im-archiv-frau-musik\/","title":{"rendered":"Composer in Residence im Archiv Frau &amp; Musik"},"content":{"rendered":"\n<p>Seit ein paar Tagen ist sie in Frankfurt, die diesj\u00e4hrige Stipendiatin des &#8222;<a href=\"https:\/\/www.archiv-frau-musik.de\/projekte\/composer-in-residence\">Composer in Residence<\/a>&#8222;-Programms des Internationalen Arbeitskreises Frau und Musik e.V. in Kooperation mit der Frankfurter Hochschule f\u00fcr Musik und Darstellende Kunst: von einer Fachjury aus einer Vielzahl von Bewerbungen ausgew\u00e4hlt wurde <a href=\"https:\/\/www.archiv-frau-musik.de\/cir-2024-macarena-rosmanich\">Macarena Rosmanich<\/a>.<\/p>\n\n\n\n<p>Ich hatte die Ehre, sie kennen zu lernen und in lockerer Atmosph\u00e4re mit ihr und Archivkolleginnen, Musikerinnen und Journalistinnen ins Gespr\u00e4ch zu kommen. <\/p>\n\n\n\n<p>Macarena Rosmanich wird in den n\u00e4chsten Monaten in Frankfurt leben und arbeiten und bei einem Abschlusskonzert am 6. Dezember ihre Werke pr\u00e4sentieren &#8211; vielleicht wird da sogar eine Urauff\u00fchrung dabei sein. <\/p>\n\n\n\n<p>Einen kleinen Einblick gibt es in diesem <a href=\"https:\/\/mediathek.rheinmaintv.de\/video\/b-ib240903-03\/d450ea3c67b96b5b06c5250529bd55a7\">Beitrag<\/a> von RheinMainTV. Wie lange das Video online sein wird, wei\u00df ich nicht. Zuletzt abgerufen habe ich es am 6.9.24. <\/p>\n\n\n\n<p>Jetzt freue ich mich erst einmal auf ein Wochenende im Zeichen von Orgelmusik: am 8.9.24 findet der <a href=\"https:\/\/aha-musik.de\/index.php\/2024\/09\/04\/orgeltag-2024\/\" data-type=\"post\" data-id=\"286\">Orgeltag<\/a> statt. Vielleicht sehen wir uns ja dort?<\/p>\n","protected":false},"excerpt":{"rendered":"<p>Seit ein paar Tagen ist sie in Frankfurt, die diesj\u00e4hrige Stipendiatin des &#8222;Composer in Residence&#8222;-Programms des Internationalen Arbeitskreises Frau und Musik e.V. in Kooperation mit der Frankfurter Hochschule f\u00fcr Musik und Darstellende Kunst: von einer Fachjury aus einer Vielzahl von Bewerbungen ausgew\u00e4hlt wurde Macarena Rosmanich. Ich hatte die Ehre, sie kennen zu lernen und in [&hellip;]<\/p>\n","protected":false},"author":1,"featured_media":0,"comment_status":"closed","ping_status":"open","sticky":false,"template":"","format":"standard","meta":{"footnotes":""},"categories":[11,24],"tags":[82,56,84,83,7],"class_list":["post-290","post","type-post","status-publish","format-standard","hentry","category-komponistinnen","category-zeitgenoessische-komponistinnen","tag-afm","tag-archiv-frau-und-musik","tag-cir2024","tag-composer-in-residence","tag-komponistinnen"],"_links":{"self":[{"href":"https:\/\/aha-musik.de\/index.php\/wp-json\/wp\/v2\/posts\/290","targetHints":{"allow":["GET"]}}],"collection":[{"href":"https:\/\/aha-musik.de\/index.php\/wp-json\/wp\/v2\/posts"}],"about":[{"href":"https:\/\/aha-musik.de\/index.php\/wp-json\/wp\/v2\/types\/post"}],"author":[{"embeddable":true,"href":"https:\/\/aha-musik.de\/index.php\/wp-json\/wp\/v2\/users\/1"}],"replies":[{"embeddable":true,"href":"https:\/\/aha-musik.de\/index.php\/wp-json\/wp\/v2\/comments?post=290"}],"version-history":[{"count":1,"href":"https:\/\/aha-musik.de\/index.php\/wp-json\/wp\/v2\/posts\/290\/revisions"}],"predecessor-version":[{"id":291,"href":"https:\/\/aha-musik.de\/index.php\/wp-json\/wp\/v2\/posts\/290\/revisions\/291"}],"wp:attachment":[{"href":"https:\/\/aha-musik.de\/index.php\/wp-json\/wp\/v2\/media?parent=290"}],"wp:term":[{"taxonomy":"category","embeddable":true,"href":"https:\/\/aha-musik.de\/index.php\/wp-json\/wp\/v2\/categories?post=290"},{"taxonomy":"post_tag","embeddable":true,"href":"https:\/\/aha-musik.de\/index.php\/wp-json\/wp\/v2\/tags?post=290"}],"curies":[{"name":"wp","href":"https:\/\/api.w.org\/{rel}","templated":true}]}}